{"id":245,"date":"2025-01-23T17:57:07","date_gmt":"2025-01-23T16:57:07","guid":{"rendered":"https:\/\/themecrafter.com\/kyber\/?p=245"},"modified":"2025-01-24T12:47:13","modified_gmt":"2025-01-24T11:47:13","slug":"https-news-abidjan-net-galeries-54762-cote-divoire-le-groupement-des-operateurs-du-secteur-des-tic-honore-pour-son-excellent-travail-dans-le-secteur-des-tic","status":"publish","type":"post","link":"https:\/\/setelci.com\/setelcigroupe\/245\/","title":{"rendered":"D\u00e9coration des Acteurs du Secteur des Postes et T\u00e9l\u00e9communications : neuf acteurs du secteur priv\u00e9 distingu\u00e9s(Presse de C\u00f4te d&#8217;ivoire)"},"content":{"rendered":"\n<p>Le ministre de la Transition num\u00e9rique et de la Digitalisation, Ibrahim Kalil Konat\u00e9, a proc\u00e9d\u00e9 \u00e0 la d\u00e9coration des acteurs du secteur des postes et t\u00e9l\u00e9communications, au cours de la traditionnelle pr\u00e9sentation de v\u0153ux de nouvel an, le mardi 21 janvier 2025, dans les jardins de l\u2019Autorit\u00e9 de r\u00e9gulation des t\u00e9l\u00e9communications de C\u00f4te d\u2019Ivoire (ARTCI), \u00e0 Abidjan.<\/p>\n\n\n\n<p>A cette occasion, neuf personnalit\u00e9s du Groupement des op\u00e9rateurs du secteur des TICs (GOTIC) ont re\u00e7u des distinctions honorifiques au titre de commandeur, officiers et chevaliers, en reconnaissance de leurs efforts et r\u00e9alisations remarquables pour dynamiser l\u2019\u00e9conomie num\u00e9rique ivoirienne.<\/p>\n\n\n\n<p>Outre ceux-ci, cet \u00e9v\u00e9nement a permis de r\u00e9compenser pr\u00e8s de 150 autres personnalit\u00e9s et institutions qui ont apport\u00e9 une contribution exceptionnelle au d\u00e9veloppement de ce secteur strat\u00e9gique durant les ann\u00e9es 2023 et 2024.<\/p>\n\n\n\n<p>Le pr\u00e9sident du GOTIC, Laurent Gnon qui a re\u00e7u la distinction honorifique de Commandeur, a, au cours de son allocution, r\u00e9affirm\u00e9 la volont\u00e9 du secteur priv\u00e9 \u00e0 accompagner le gouvernement ivoirien vers la transition technologique.&nbsp;Pour lui, cette reconnaissance valorise les efforts collectifs, encourage l\u2019excellence et renforce les partenariats public-priv\u00e9 pour atteindre des objectifs communs.&nbsp;\u00ab&nbsp;Au nom de nos entreprises, je souhaite r\u00e9affirmer notre volont\u00e9, d&#8217;accompagner la C\u00f4te d\u2019Ivoire dans l\u2019adoption des nouvelles technologies et leur domaine d\u2019application, notamment&nbsp;: l\u2019Intelligence artificielle, la 5G, l\u2019Internet des objets, la robotique, les logiciels et applications innovantes, la cybers\u00e9curit\u00e9, etc.&nbsp;\u00bb, a-t-il promis.<\/p>\n\n\n\n<p>Pour y arriver, il annonc\u00e9 que ses confr\u00e8res et lui continueront&nbsp;&nbsp;d\u2019accompagner la formation et le d\u00e9veloppement des comp\u00e9tences de&nbsp;\u00bbs jeunes, \u00ab&nbsp;pour qu&#8217;ils puissent contribuer activement \u00e0 la construction d&#8217;une \u00e9conomie num\u00e9rique prosp\u00e8re&nbsp;\u00bb, a-t-il ajout\u00e9.<\/p>\n\n\n\n<p>Pour sa part,&nbsp;&nbsp;le ministre la Transition num\u00e9rique et de la Digitalisation, Ibrahim Kalil Konat\u00e9, a exhort\u00e9 les acteurs du secteur&nbsp;&nbsp;au travail d\u2019\u00e9quipe. Il a engag\u00e9 les agents de son minist\u00e8re et des structures sous sa tutelle \u00e0 regarder l&#8217;objectif commun.<\/p>\n\n\n\n<p>Il a fait savoir que d\u2019ici la fin du mois d&#8217;avril 2025, se fera la pose de la premi\u00e8re pierre au Vitib, de la cit\u00e9 de l&#8217;innovation et de la culture,&nbsp;&nbsp;un p\u00f4le d&#8217;excellence pour attirer tous les talents afin de r\u00e9pondre au mieux aux attentes du secteur priv\u00e9.<\/p>\n\n\n\n<p>Le GOTIC, cr\u00e9\u00e9 en 2009, regroupe plus de 150 entreprises, acteurs principaux \u00e9voluant dans le secteur des technologies de l\u2019information et de la communication (TIC) en C\u00f4te d\u2019Ivoire. Son r\u00f4le est d\u2019accompagner les entreprises et les institutions dans leur transition num\u00e9rique tout en promouvant l\u2019innovation, la collaboration et l\u2019excellence.<\/p>\n\n\n\n<p>Solange ARALAMON<\/p>\n","protected":false},"excerpt":{"rendered":"<p>Le ministre de la Transition num\u00e9rique et de la Digitalisation, Ibrahim Kalil Konat\u00e9, a proc\u00e9d\u00e9 \u00e0 la d\u00e9coration des acteurs du secteur des postes et t\u00e9l\u00e9communications, au cours de la traditionnelle pr\u00e9sentation de v\u0153ux de nouvel an, le mardi 21 janvier 2025, dans les jardins de l\u2019Autorit\u00e9 de r\u00e9gulation des t\u00e9l\u00e9communications de C\u00f4te d\u2019Ivoire (ARTCI), \u00e0 Abidjan. A cette occasion, neuf personnalit\u00e9s du Groupement des op\u00e9rateurs du secteur des TICs (GOTIC) ont re\u00e7u des distinctions honorifiques au titre de commandeur, officiers et chevaliers, en reconnaissance de leurs efforts et r\u00e9alisations remarquables pour dynamiser l\u2019\u00e9conomie num\u00e9rique ivoirienne. Outre ceux-ci, cet \u00e9v\u00e9nement a permis de r\u00e9compenser pr\u00e8s de 150 autres personnalit\u00e9s et institutions qui ont apport\u00e9 une contribution exceptionnelle au d\u00e9veloppement de ce secteur strat\u00e9gique durant les ann\u00e9es 2023 et 2024. Le pr\u00e9sident du GOTIC, Laurent Gnon qui a re\u00e7u la distinction honorifique de Commandeur, a, au cours de son allocution, r\u00e9affirm\u00e9 la volont\u00e9 du secteur priv\u00e9 \u00e0 accompagner le gouvernement ivoirien vers la transition technologique.&nbsp;Pour lui, cette reconnaissance valorise les efforts collectifs, encourage l\u2019excellence et renforce les partenariats public-priv\u00e9 pour atteindre des objectifs communs.&nbsp;\u00ab&nbsp;Au nom de nos entreprises, je souhaite r\u00e9affirmer notre volont\u00e9, d&#8217;accompagner la C\u00f4te d\u2019Ivoire dans l\u2019adoption des nouvelles technologies et leur domaine d\u2019application, notamment&nbsp;: l\u2019Intelligence artificielle, la 5G, l\u2019Internet des objets, la robotique, les logiciels et applications innovantes, la cybers\u00e9curit\u00e9, etc.&nbsp;\u00bb, a-t-il promis. Pour y arriver, il annonc\u00e9 que ses confr\u00e8res et lui continueront&nbsp;&nbsp;d\u2019accompagner la formation et le d\u00e9veloppement des comp\u00e9tences de&nbsp;\u00bbs jeunes, \u00ab&nbsp;pour qu&#8217;ils puissent contribuer activement \u00e0 la construction d&#8217;une \u00e9conomie num\u00e9rique prosp\u00e8re&nbsp;\u00bb, a-t-il ajout\u00e9. Pour sa part,&nbsp;&nbsp;le ministre la Transition num\u00e9rique et de la Digitalisation, Ibrahim Kalil Konat\u00e9, a exhort\u00e9 les acteurs du secteur&nbsp;&nbsp;au travail d\u2019\u00e9quipe. Il a engag\u00e9 les agents de son minist\u00e8re et des structures sous sa tutelle \u00e0 regarder l&#8217;objectif commun. Il a fait savoir que d\u2019ici la fin du mois d&#8217;avril 2025, se fera la pose de la premi\u00e8re pierre au Vitib, de la cit\u00e9 de l&#8217;innovation et de la culture,&nbsp;&nbsp;un p\u00f4le d&#8217;excellence pour attirer tous les talents afin de r\u00e9pondre au mieux aux attentes du secteur priv\u00e9. Le GOTIC, cr\u00e9\u00e9 en 2009, regroupe plus de 150 entreprises, acteurs principaux \u00e9voluant dans le secteur des technologies de l\u2019information et de la communication (TIC) en C\u00f4te d\u2019Ivoire. Son r\u00f4le est d\u2019accompagner les entreprises et les institutions dans leur transition num\u00e9rique tout en promouvant l\u2019innovation, la collaboration et l\u2019excellence. Solange ARALAMON<\/p>\n","protected":false},"author":1,"featured_media":4874,"comment_status":"closed","ping_status":"closed","sticky":false,"template":"","format":"standard","meta":{"footnotes":""},"categories":[2],"tags":[11],"class_list":["post-245","post","type-post","status-publish","format-standard","has-post-thumbnail","hentry","category-buildings","tag-design"],"_links":{"self":[{"href":"https:\/\/setelci.com\/setelcigroupe\/wp-json\/wp\/v2\/posts\/245","targetHints":{"allow":["GET"]}}],"collection":[{"href":"https:\/\/setelci.com\/setelcigroupe\/wp-json\/wp\/v2\/posts"}],"about":[{"href":"https:\/\/setelci.com\/setelcigroupe\/wp-json\/wp\/v2\/types\/post"}],"author":[{"embeddable":true,"href":"https:\/\/setelci.com\/setelcigroupe\/wp-json\/wp\/v2\/users\/1"}],"replies":[{"embeddable":true,"href":"https:\/\/setelci.com\/setelcigroupe\/wp-json\/wp\/v2\/comments?post=245"}],"version-history":[{"count":8,"href":"https:\/\/setelci.com\/setelcigroupe\/wp-json\/wp\/v2\/posts\/245\/revisions"}],"predecessor-version":[{"id":4876,"href":"https:\/\/setelci.com\/setelcigroupe\/wp-json\/wp\/v2\/posts\/245\/revisions\/4876"}],"wp:featuredmedia":[{"embeddable":true,"href":"https:\/\/setelci.com\/setelcigroupe\/wp-json\/wp\/v2\/media\/4874"}],"wp:attachment":[{"href":"https:\/\/setelci.com\/setelcigroupe\/wp-json\/wp\/v2\/media?parent=245"}],"wp:term":[{"taxonomy":"category","embeddable":true,"href":"https:\/\/setelci.com\/setelcigroupe\/wp-json\/wp\/v2\/categories?post=245"},{"taxonomy":"post_tag","embeddable":true,"href":"https:\/\/setelci.com\/setelcigroupe\/wp-json\/wp\/v2\/tags?post=245"}],"curies":[{"name":"wp","href":"https:\/\/api.w.org\/{rel}","templated":true}]}}